{"id":245,"date":"2021-11-24T18:12:18","date_gmt":"2021-11-24T17:12:18","guid":{"rendered":"https:\/\/douceursduthe.com\/blognet\/2021\/11\/24\/titre-miel\/"},"modified":"2021-11-24T18:12:18","modified_gmt":"2021-11-24T17:12:18","slug":"titre-miel","status":"publish","type":"post","link":"https:\/\/douceursduthe.com\/blognet\/ecole\/titre-miel\/","title":{"rendered":"Titre Miel"},"content":{"rendered":"<p><b>Pollen frais congel\u00e9 apr\u00e8s r\u00e9colte sac de 2kg<\/b><\/p>\n<p><del>60,00\u20ac<\/del> <ins>55,00\u20ac<\/ins><\/p>\n<p>quantit\u00e9 de Pollen frais congel\u00e9 apr\u00e8s r\u00e9colte sac de 2kg<\/p>\n<p>AJOUTER AU PANIER<\/p>\n<p>Cat\u00e9gories : <a href=\"https:\/\/www.secretsdabeilles74.fr\/categorie-produit\/nouveautes-et-promotions\/\" rel=\"tag\">Nouveaut\u00e9s et promotions<\/a>, <a href=\"https:\/\/www.secretsdabeilles74.fr\/categorie-produit\/preparez-lhiver\/\" rel=\"tag\">Pr\u00e9parez l&rsquo;hiver<\/a>, <a href=\"https:\/\/www.secretsdabeilles74.fr\/categorie-produit\/produits-de-la-ruche\/\" rel=\"tag\">Produits de la ruche<\/a><\/p>\n<ul>\n<li><a href=\"https:\/\/www.secretsdabeilles74.fr\/produit\/pollen-frais-congele-apres-recolte-sac-de-2kg\/#tab-description\">Descriptio<\/a><\/li>\n<li><a href=\"https:\/\/www.secretsdabeilles74.fr\/produit\/pollen-frais-congele-apres-recolte-sac-de-2kg\/#tab-additional_information\">Informations compl\u00e9mentaires<\/a><\/li>\n<li><a href=\"https:\/\/www.secretsdabeilles74.fr\/produit\/pollen-frais-congele-apres-recolte-sac-de-2kg\/#tab-reviews\">Avis (0)<\/a><\/li>\n<\/ul>\n<h2>Description<\/h2>\n<p>Notre pollen est r\u00e9colt\u00e9 tout au long de la saison dans des secteurs exempts de cultures. Nous proposons des productions saisonni\u00e8res ou des m\u00e9langes.<\/p>\n<p>Le pollen frais peut \u00eatre exp\u00e9di\u00e9 dans un sac sous vide et recongel\u00e9 apr\u00e8s r\u00e9ception.<\/p>\n<p>Tarif d\u2019exp\u00e9dition en France : 13\u20ac<\/p>\n","protected":false},"excerpt":{"rendered":"<p>Pollen frais congel\u00e9 apr\u00e8s r\u00e9colte sac de 2kg 60,00\u20ac 55,00\u20ac quantit\u00e9 de Pollen frais congel\u00e9 apr\u00e8s r\u00e9colte sac de 2kg AJOUTER AU PANIER Cat\u00e9gories : Nouveaut\u00e9s et promotions, Pr\u00e9parez l&rsquo;hiver, Produits de la ruche Descriptio Informations compl\u00e9mentaires Avis (0) Description Notre pollen est r\u00e9colt\u00e9 tout au long de la saison dans des secteurs exempts de [&hellip;]<\/p>\n","protected":false},"author":1,"featured_media":246,"comment_status":"open","ping_status":"open","sticky":false,"template":"","format":"standard","meta":{"footnotes":""},"categories":[2],"tags":[],"class_list":["post-245","post","type-post","status-publish","format-standard","has-post-thumbnail","hentry","category-ecole"],"_links":{"self":[{"href":"https:\/\/douceursduthe.com\/blognet\/wp-json\/wp\/v2\/posts\/245","targetHints":{"allow":["GET"]}}],"collection":[{"href":"https:\/\/douceursduthe.com\/blognet\/wp-json\/wp\/v2\/posts"}],"about":[{"href":"https:\/\/douceursduthe.com\/blognet\/wp-json\/wp\/v2\/types\/post"}],"author":[{"embeddable":true,"href":"https:\/\/douceursduthe.com\/blognet\/wp-json\/wp\/v2\/users\/1"}],"replies":[{"embeddable":true,"href":"https:\/\/douceursduthe.com\/blognet\/wp-json\/wp\/v2\/comments?post=245"}],"version-history":[{"count":0,"href":"https:\/\/douceursduthe.com\/blognet\/wp-json\/wp\/v2\/posts\/245\/revisions"}],"wp:featuredmedia":[{"embeddable":true,"href":"https:\/\/douceursduthe.com\/blognet\/wp-json\/wp\/v2\/media\/246"}],"wp:attachment":[{"href":"https:\/\/douceursduthe.com\/blognet\/wp-json\/wp\/v2\/media?parent=245"}],"wp:term":[{"taxonomy":"category","embeddable":true,"href":"https:\/\/douceursduthe.com\/blognet\/wp-json\/wp\/v2\/categories?post=245"},{"taxonomy":"post_tag","embeddable":true,"href":"https:\/\/douceursduthe.com\/blognet\/wp-json\/wp\/v2\/tags?post=245"}],"curies":[{"name":"wp","href":"https:\/\/api.w.org\/{rel}","templated":true}]}}